{"@context":"https:\/\/schema.org\/","@type":"CollectionPage","@id":"https:\/\/www.atjsk.cz\/spolecnosti\/#CollectionPage","headline":"Spole\u010dnosti Category","description":"","url":"https:\/\/www.atjsk.cz\/spolecnosti\/","hasPart":[{"@type":"Article","@id":"https:\/\/www.atjsk.cz\/virtualni-sidlo-firmy-v-praze-je-k-nezaplaceni\/","headline":"Virtu\u00e1ln\u00ed s\u00eddlo firmy v Praze je k nezaplacen\u00ed","url":"https:\/\/www.atjsk.cz\/virtualni-sidlo-firmy-v-praze-je-k-nezaplaceni\/","datePublished":"2024-12-14","dateModified":"2024-12-14","mainEntityOfPage":"https:\/\/www.atjsk.cz\/virtualni-sidlo-firmy-v-praze-je-k-nezaplaceni\/","author":{"@type":"Person","@id":"https:\/\/www.atjsk.cz\/author\/#Person","name":"","url":"https:\/\/www.atjsk.cz\/author\/","identifier":1,"image":{"@type":"ImageObject","@id":"https:\/\/secure.gravatar.com\/avatar\/42264ea8f5170010011c6bbf811aa6c31c20ad3acf2a9bd21dca0746ea8c832a?s=96&d=mm&r=g","url":"https:\/\/secure.gravatar.com\/avatar\/42264ea8f5170010011c6bbf811aa6c31c20ad3acf2a9bd21dca0746ea8c832a?s=96&d=mm&r=g","height":96,"width":96}},"publisher":{"@type":"Organization","name":"atjsk.cz","logo":{"@type":"ImageObject","@id":"\/logo.png","url":"\/logo.png","width":600,"height":60}},"image":{"@type":"ImageObject","@id":"https:\/\/www.atjsk.cz\/wp-content\/uploads\/prague-4794636_640_1.jpg","url":"https:\/\/www.atjsk.cz\/wp-content\/uploads\/prague-4794636_640_1.jpg","height":0,"width":0},"keywords":null},{"@type":"Article","@id":"https:\/\/www.atjsk.cz\/kdo-z-vas-nikdy-nebyl-v-ceskych-budejovicich\/","headline":"Kdo z v\u00e1s nikdy nebyl v \u010cesk\u00fdch Bud\u011bjovic\u00edch","url":"https:\/\/www.atjsk.cz\/kdo-z-vas-nikdy-nebyl-v-ceskych-budejovicich\/","datePublished":"2024-11-20","dateModified":"2024-11-20","mainEntityOfPage":"https:\/\/www.atjsk.cz\/kdo-z-vas-nikdy-nebyl-v-ceskych-budejovicich\/","author":{"@type":"Person","@id":"https:\/\/www.atjsk.cz\/author\/#Person","name":"","url":"https:\/\/www.atjsk.cz\/author\/","identifier":1,"image":{"@type":"ImageObject","@id":"https:\/\/secure.gravatar.com\/avatar\/42264ea8f5170010011c6bbf811aa6c31c20ad3acf2a9bd21dca0746ea8c832a?s=96&d=mm&r=g","url":"https:\/\/secure.gravatar.com\/avatar\/42264ea8f5170010011c6bbf811aa6c31c20ad3acf2a9bd21dca0746ea8c832a?s=96&d=mm&r=g","height":96,"width":96}},"publisher":{"@type":"Organization","name":"atjsk.cz","logo":{"@type":"ImageObject","@id":"\/logo.png","url":"\/logo.png","width":600,"height":60}},"image":{"@type":"ImageObject","@id":"https:\/\/www.atjsk.cz\/wp-content\/uploads\/the-trees-in-the-fall-2052255_640_6.jpg","url":"https:\/\/www.atjsk.cz\/wp-content\/uploads\/the-trees-in-the-fall-2052255_640_6.jpg","height":0,"width":0},"keywords":null},{"@type":"Article","@id":"https:\/\/www.atjsk.cz\/na-co-si-pozvat-elektrikare-v-kancelari\/","headline":"Na co si pozvat elektrik\u00e1\u0159e v kancel\u00e1\u0159i","url":"https:\/\/www.atjsk.cz\/na-co-si-pozvat-elektrikare-v-kancelari\/","datePublished":"2024-11-10","dateModified":"2024-11-10","mainEntityOfPage":"https:\/\/www.atjsk.cz\/na-co-si-pozvat-elektrikare-v-kancelari\/","author":{"@type":"Person","@id":"https:\/\/www.atjsk.cz\/author\/#Person","name":"","url":"https:\/\/www.atjsk.cz\/author\/","identifier":1,"image":{"@type":"ImageObject","@id":"https:\/\/secure.gravatar.com\/avatar\/42264ea8f5170010011c6bbf811aa6c31c20ad3acf2a9bd21dca0746ea8c832a?s=96&d=mm&r=g","url":"https:\/\/secure.gravatar.com\/avatar\/42264ea8f5170010011c6bbf811aa6c31c20ad3acf2a9bd21dca0746ea8c832a?s=96&d=mm&r=g","height":96,"width":96}},"publisher":{"@type":"Organization","name":"atjsk.cz","logo":{"@type":"ImageObject","@id":"\/logo.png","url":"\/logo.png","width":600,"height":60}},"image":{"@type":"ImageObject","@id":"https:\/\/www.atjsk.cz\/wp-content\/uploads\/wire-1098059_640_10_10_1.jpg","url":"https:\/\/www.atjsk.cz\/wp-content\/uploads\/wire-1098059_640_10_10_1.jpg","height":0,"width":0},"keywords":null},{"@type":"Article","@id":"https:\/\/www.atjsk.cz\/jaka-nebezpeci-vam-hrozi-u-panelakove-vzduchotechniky\/","headline":"Jak\u00e1 nebezpe\u010d\u00ed v\u00e1m hroz\u00ed u panel\u00e1kov\u00e9 vzduchotechniky","url":"https:\/\/www.atjsk.cz\/jaka-nebezpeci-vam-hrozi-u-panelakove-vzduchotechniky\/","datePublished":"2024-11-05","dateModified":"2024-11-05","mainEntityOfPage":"https:\/\/www.atjsk.cz\/jaka-nebezpeci-vam-hrozi-u-panelakove-vzduchotechniky\/","author":{"@type":"Person","@id":"https:\/\/www.atjsk.cz\/author\/#Person","name":"","url":"https:\/\/www.atjsk.cz\/author\/","identifier":1,"image":{"@type":"ImageObject","@id":"https:\/\/secure.gravatar.com\/avatar\/42264ea8f5170010011c6bbf811aa6c31c20ad3acf2a9bd21dca0746ea8c832a?s=96&d=mm&r=g","url":"https:\/\/secure.gravatar.com\/avatar\/42264ea8f5170010011c6bbf811aa6c31c20ad3acf2a9bd21dca0746ea8c832a?s=96&d=mm&r=g","height":96,"width":96}},"publisher":{"@type":"Organization","name":"atjsk.cz","logo":{"@type":"ImageObject","@id":"\/logo.png","url":"\/logo.png","width":600,"height":60}},"image":{"@type":"ImageObject","@id":"https:\/\/www.atjsk.cz\/wp-content\/uploads\/danube-centre-1173807_640_1.jpg","url":"https:\/\/www.atjsk.cz\/wp-content\/uploads\/danube-centre-1173807_640_1.jpg","height":0,"width":0},"keywords":null},{"@type":"Article","@id":"https:\/\/www.atjsk.cz\/uzijte-si-rodinnou-dovolenou\/","headline":"U\u017eijte si rodinnou dovolenou","url":"https:\/\/www.atjsk.cz\/uzijte-si-rodinnou-dovolenou\/","datePublished":"2024-10-18","dateModified":"2024-10-18","mainEntityOfPage":"https:\/\/www.atjsk.cz\/uzijte-si-rodinnou-dovolenou\/","author":{"@type":"Person","@id":"https:\/\/www.atjsk.cz\/author\/#Person","name":"","url":"https:\/\/www.atjsk.cz\/author\/","identifier":1,"image":{"@type":"ImageObject","@id":"https:\/\/secure.gravatar.com\/avatar\/42264ea8f5170010011c6bbf811aa6c31c20ad3acf2a9bd21dca0746ea8c832a?s=96&d=mm&r=g","url":"https:\/\/secure.gravatar.com\/avatar\/42264ea8f5170010011c6bbf811aa6c31c20ad3acf2a9bd21dca0746ea8c832a?s=96&d=mm&r=g","height":96,"width":96}},"publisher":{"@type":"Organization","name":"atjsk.cz","logo":{"@type":"ImageObject","@id":"\/logo.png","url":"\/logo.png","width":600,"height":60}},"image":{"@type":"ImageObject","@id":"https:\/\/www.atjsk.cz\/wp-content\/uploads\/fantasy-3502188_640_5.jpg","url":"https:\/\/www.atjsk.cz\/wp-content\/uploads\/fantasy-3502188_640_5.jpg","height":0,"width":0},"keywords":null},{"@type":"Article","@id":"https:\/\/www.atjsk.cz\/oprava-strechy-a-fasady\/","headline":"Oprava st\u0159echy a fas\u00e1dy","url":"https:\/\/www.atjsk.cz\/oprava-strechy-a-fasady\/","datePublished":"2024-10-12","dateModified":"2024-10-12","mainEntityOfPage":"https:\/\/www.atjsk.cz\/oprava-strechy-a-fasady\/","author":{"@type":"Person","@id":"https:\/\/www.atjsk.cz\/author\/#Person","name":"","url":"https:\/\/www.atjsk.cz\/author\/","identifier":1,"image":{"@type":"ImageObject","@id":"https:\/\/secure.gravatar.com\/avatar\/42264ea8f5170010011c6bbf811aa6c31c20ad3acf2a9bd21dca0746ea8c832a?s=96&d=mm&r=g","url":"https:\/\/secure.gravatar.com\/avatar\/42264ea8f5170010011c6bbf811aa6c31c20ad3acf2a9bd21dca0746ea8c832a?s=96&d=mm&r=g","height":96,"width":96}},"publisher":{"@type":"Organization","name":"atjsk.cz","logo":{"@type":"ImageObject","@id":"\/logo.png","url":"\/logo.png","width":600,"height":60}},"image":{"@type":"ImageObject","@id":"https:\/\/www.atjsk.cz\/wp-content\/uploads\/pron%C3%A1jem%20le%C5%A1en%C3%AD.jpg","url":"https:\/\/www.atjsk.cz\/wp-content\/uploads\/pron%C3%A1jem%20le%C5%A1en%C3%AD.jpg","height":0,"width":0},"keywords":null},{"@type":"Article","@id":"https:\/\/www.atjsk.cz\/proc-je-spolecenstvi-vlastniku-bytovych-jednotek-v-podstate-nezbytne\/","headline":"Pro\u010d je spole\u010denstv\u00ed vlastn\u00edk\u016f bytov\u00fdch jednotek v podstat\u011b nezbytn\u00e9","url":"https:\/\/www.atjsk.cz\/proc-je-spolecenstvi-vlastniku-bytovych-jednotek-v-podstate-nezbytne\/","datePublished":"2024-10-06","dateModified":"2024-10-06","mainEntityOfPage":"https:\/\/www.atjsk.cz\/proc-je-spolecenstvi-vlastniku-bytovych-jednotek-v-podstate-nezbytne\/","author":{"@type":"Person","@id":"https:\/\/www.atjsk.cz\/author\/#Person","name":"","url":"https:\/\/www.atjsk.cz\/author\/","identifier":1,"image":{"@type":"ImageObject","@id":"https:\/\/secure.gravatar.com\/avatar\/42264ea8f5170010011c6bbf811aa6c31c20ad3acf2a9bd21dca0746ea8c832a?s=96&d=mm&r=g","url":"https:\/\/secure.gravatar.com\/avatar\/42264ea8f5170010011c6bbf811aa6c31c20ad3acf2a9bd21dca0746ea8c832a?s=96&d=mm&r=g","height":96,"width":96}},"publisher":{"@type":"Organization","name":"atjsk.cz","logo":{"@type":"ImageObject","@id":"\/logo.png","url":"\/logo.png","width":600,"height":60}},"image":{"@type":"ImageObject","@id":"https:\/\/www.atjsk.cz\/wp-content\/uploads\/byt1_10_10.jpg","url":"https:\/\/www.atjsk.cz\/wp-content\/uploads\/byt1_10_10.jpg","height":0,"width":0},"keywords":null},{"@type":"Article","@id":"https:\/\/www.atjsk.cz\/proc-si-vybrat-k-firemni-akci-zrovna-beskydy\/","headline":"Pro\u010d si vybrat k firemn\u00ed akci zrovna Beskydy","url":"https:\/\/www.atjsk.cz\/proc-si-vybrat-k-firemni-akci-zrovna-beskydy\/","datePublished":"2024-09-24","dateModified":"2024-09-24","mainEntityOfPage":"https:\/\/www.atjsk.cz\/proc-si-vybrat-k-firemni-akci-zrovna-beskydy\/","author":{"@type":"Person","@id":"https:\/\/www.atjsk.cz\/author\/#Person","name":"","url":"https:\/\/www.atjsk.cz\/author\/","identifier":1,"image":{"@type":"ImageObject","@id":"https:\/\/secure.gravatar.com\/avatar\/42264ea8f5170010011c6bbf811aa6c31c20ad3acf2a9bd21dca0746ea8c832a?s=96&d=mm&r=g","url":"https:\/\/secure.gravatar.com\/avatar\/42264ea8f5170010011c6bbf811aa6c31c20ad3acf2a9bd21dca0746ea8c832a?s=96&d=mm&r=g","height":96,"width":96}},"publisher":{"@type":"Organization","name":"atjsk.cz","logo":{"@type":"ImageObject","@id":"\/logo.png","url":"\/logo.png","width":600,"height":60}},"image":{"@type":"ImageObject","@id":"https:\/\/www.atjsk.cz\/wp-content\/uploads\/beskydy-1818422_640.jpg","url":"https:\/\/www.atjsk.cz\/wp-content\/uploads\/beskydy-1818422_640.jpg","height":0,"width":0},"keywords":null},{"@type":"Article","@id":"https:\/\/www.atjsk.cz\/nemila-zvirena\/","headline":"Nemil\u00e1 zv\u00ed\u0159ena","url":"https:\/\/www.atjsk.cz\/nemila-zvirena\/","datePublished":"2024-09-17","dateModified":"2024-09-17","mainEntityOfPage":"https:\/\/www.atjsk.cz\/nemila-zvirena\/","author":{"@type":"Person","@id":"https:\/\/www.atjsk.cz\/author\/#Person","name":"","url":"https:\/\/www.atjsk.cz\/author\/","identifier":1,"image":{"@type":"ImageObject","@id":"https:\/\/secure.gravatar.com\/avatar\/42264ea8f5170010011c6bbf811aa6c31c20ad3acf2a9bd21dca0746ea8c832a?s=96&d=mm&r=g","url":"https:\/\/secure.gravatar.com\/avatar\/42264ea8f5170010011c6bbf811aa6c31c20ad3acf2a9bd21dca0746ea8c832a?s=96&d=mm&r=g","height":96,"width":96}},"publisher":{"@type":"Organization","name":"atjsk.cz","logo":{"@type":"ImageObject","@id":"\/logo.png","url":"\/logo.png","width":600,"height":60}},"image":{"@type":"ImageObject","@id":"https:\/\/www.atjsk.cz\/wp-content\/uploads\/springtail-6946337_640.jpg","url":"https:\/\/www.atjsk.cz\/wp-content\/uploads\/springtail-6946337_640.jpg","height":0,"width":0},"keywords":null},{"@type":"Article","@id":"https:\/\/www.atjsk.cz\/odpocinek-na-dovolene\/","headline":"Odpo\u010dinek na dovolen\u00e9","url":"https:\/\/www.atjsk.cz\/odpocinek-na-dovolene\/","datePublished":"2024-09-15","dateModified":"2024-09-15","mainEntityOfPage":"https:\/\/www.atjsk.cz\/odpocinek-na-dovolene\/","author":{"@type":"Person","@id":"https:\/\/www.atjsk.cz\/author\/#Person","name":"","url":"https:\/\/www.atjsk.cz\/author\/","identifier":1,"image":{"@type":"ImageObject","@id":"https:\/\/secure.gravatar.com\/avatar\/42264ea8f5170010011c6bbf811aa6c31c20ad3acf2a9bd21dca0746ea8c832a?s=96&d=mm&r=g","url":"https:\/\/secure.gravatar.com\/avatar\/42264ea8f5170010011c6bbf811aa6c31c20ad3acf2a9bd21dca0746ea8c832a?s=96&d=mm&r=g","height":96,"width":96}},"publisher":{"@type":"Organization","name":"atjsk.cz","logo":{"@type":"ImageObject","@id":"\/logo.png","url":"\/logo.png","width":600,"height":60}},"image":{"@type":"ImageObject","@id":"https:\/\/www.atjsk.cz\/wp-content\/uploads\/pexels-pixabay-279805_1.jpg","url":"https:\/\/www.atjsk.cz\/wp-content\/uploads\/pexels-pixabay-279805_1.jpg","height":0,"width":0},"keywords":null}]}