[{"@context":"https:\/\/schema.org\/","@type":"Article","@id":"https:\/\/www.atjsk.cz\/s-mikrobusem-vzhuru-do-hor\/#Article","mainEntityOfPage":"https:\/\/www.atjsk.cz\/s-mikrobusem-vzhuru-do-hor\/","headline":"S mikrobusem vzh\u016fru do hor","name":"S mikrobusem vzh\u016fru do hor","description":"Tak\u00e9 pat\u0159\u00edte k lidem, kte\u0159\u00ed maj\u00ed talent a r\u00e1di organizuj\u00ed pro druh\u00e9 skupinov\u00e9 akce, p\u0159i nich\u017e nesch\u00e1z\u00ed dobrodru\u017estv\u00ed a touha po pozn\u00e1n\u00ed? M\u00e1me t\u00edm na mysli nap\u0159\u00edklad horolezeck\u00e9 v\u00fdpravy, vod\u00e1ck\u00e9&hellip;<a href=\"https:\/\/www.atjsk.cz\/s-mikrobusem-vzhuru-do-hor\/\" class=\"more-link\"><span class=\"more-button\">Continue reading<span class=\"screen-reader-text\">S mikrobusem vzh\u016fru do hor<\/span><\/span><\/a>","datePublished":"2023-02-14","dateModified":"2023-02-14","author":{"@type":"Person","@id":"https:\/\/www.atjsk.cz\/author\/#Person","name":"","url":"https:\/\/www.atjsk.cz\/author\/","identifier":1,"image":{"@type":"ImageObject","@id":"https:\/\/secure.gravatar.com\/avatar\/42264ea8f5170010011c6bbf811aa6c31c20ad3acf2a9bd21dca0746ea8c832a?s=96&d=mm&r=g","url":"https:\/\/secure.gravatar.com\/avatar\/42264ea8f5170010011c6bbf811aa6c31c20ad3acf2a9bd21dca0746ea8c832a?s=96&d=mm&r=g","height":96,"width":96}},"publisher":{"@type":"Organization","name":"atjsk.cz","logo":{"@type":"ImageObject","@id":"\/logo.png","url":"\/logo.png","width":600,"height":60}},"image":{"@type":"ImageObject","@id":"https:\/\/www.atjsk.cz\/wp-content\/uploads\/van-gd3b6785d1_640.jpg","url":"https:\/\/www.atjsk.cz\/wp-content\/uploads\/van-gd3b6785d1_640.jpg","height":0,"width":0},"url":"https:\/\/www.atjsk.cz\/s-mikrobusem-vzhuru-do-hor\/","about":["Zbo\u017e\u00ed"],"wordCount":399,"articleBody":"   Tak\u00e9 pat\u0159\u00edte k lidem, kte\u0159\u00ed maj\u00ed talent a r\u00e1di organizuj\u00ed pro druh\u00e9 skupinov\u00e9 akce, p\u0159i nich\u017e nesch\u00e1z\u00ed dobrodru\u017estv\u00ed a touha po pozn\u00e1n\u00ed? M\u00e1me t\u00edm na mysli nap\u0159\u00edklad horolezeck\u00e9 v\u00fdpravy, vod\u00e1ck\u00e9 akce, cykloturistiku po zna\u010den\u00fdch cyklotras\u00e1ch anebo klasick\u00e9 outdoorov\u00e9 v\u00fdpravy se zdol\u00e1v\u00e1n\u00edm obt\u00ed\u017en\u011b sch\u016fdn\u00e9ho ter\u00e9nu v horsk\u00fdch oblastech. Pak by se v\u00e1m mohl hodit i pron\u00e1jem vozidla z p\u016fj\u010dovny mikrobus\u016f v Praze.Mikrobus pojme a\u017e osm osob a jejich ve\u0161ker\u00e1 zavazadla a je pro takov\u00e9to ud\u00e1losti ide\u00e1ln\u00edm \u0159e\u0161en\u00edm. S \u010d\u00edm m\u016f\u017eete u mikrobusu po\u010d\u00edtat?Nejste od sebe zbyte\u010dn\u011b odd\u011bleni \u2013 jedn\u00edm z nejhor\u0161\u00edch jev\u016f u skupinov\u00fdch v\u00fdprav je vz\u00e1jemn\u00e1 domluva, co se t\u00fd\u010de p\u0159epravy. Nap\u0159\u00edklad se dohodnete, \u017ee Lojza pojede sv\u00fdm Renaultem a nalo\u017e\u00ed cestou Moniku a D\u00e1\u0161u, Franta se s man\u017eelkou cestou se stav\u00ed pro Ludv\u00edka a Petr by mohl do sv\u00e9ho auta pobrat Karla a Otu. Vyraz\u00edte t\u0159emi auty na p\u0159edem smluven\u00e9 m\u00edsto, jen\u017ee Franta zabloud\u00ed a Petra zdr\u017e\u00ed v\u00fdm\u011bna praskl\u00e9 pneumatiky, tak\u017ee budete muset p\u0159izp\u016fsobit program a hlavn\u011b se cestou n\u011bkde \u201enah\u00e1n\u011bt\u201c mobiln\u00edmi telefony a zbyte\u010dn\u011b se stresovat. Kdy\u017e budete v\u0161ichni v mikrobusu, budete pohromad\u011b a program bude mo\u017en\u00e9 velmi pru\u017en\u011b m\u011bnit dle situace.Pohotovostn\u00ed v\u016fz \u2013 zejm\u00e9na u cyklistick\u00fdch a vod\u00e1ck\u00fdch v\u00fdprav je doprovodn\u00fd v\u016fz doslova k nezaplacen\u00ed. Pojme v\u0161echna zavazadla, s nimi\u017e se nemus\u00edte v ter\u00e9nu vl\u00e1\u010det na kolech ani v lod\u00edch a nav\u00edc jej m\u00e1te k dispozici pro p\u0159\u00edpad nep\u0159\u00edzn\u011b po\u010das\u00ed \u010di zm\u011bny programu. A m\u00e1te-li pronajat\u00fd i p\u0159\u00edv\u011bs na kola nebo lod\u011b, jednodu\u0161e se p\u0159esunete jinam, pokud v\u00e1m p\u0159estane vyhovovat tamn\u00ed prost\u0159ed\u00ed.Jedno parkovac\u00ed m\u00edsto \u2013 n\u011bkter\u00e9 kempy \u010di parkovi\u0161t\u011b u penzion\u016f a podobn\u00fdch m\u00edst mohou m\u00edt nedostatek parkovac\u00edch m\u00edst, tak\u017ee je po\u0159\u00e1d lep\u0161\u00ed jen jedno auto, ne\u017e t\u0159i nebo p\u011bt. Z\u00e1rove\u0148 u\u0161et\u0159\u00edte za pohonn\u00e9 hmoty, kdy\u017e budete v\u0161ichni v jednom aut\u011b.                                                                                                                                                                                                                                                                                                                                                                                          3.9\/5 - (7 votes)        "},{"@context":"https:\/\/schema.org\/","@type":"BreadcrumbList","itemListElement":[{"@type":"ListItem","position":1,"name":"S mikrobusem vzh\u016fru do hor","item":"https:\/\/www.atjsk.cz\/s-mikrobusem-vzhuru-do-hor\/#breadcrumbitem"}]}]