[{"@context":"https:\/\/schema.org\/","@type":"Article","@id":"https:\/\/www.atjsk.cz\/pripominame-si-vyroci-ziskani-ridicskeho-prukazu\/#Article","mainEntityOfPage":"https:\/\/www.atjsk.cz\/pripominame-si-vyroci-ziskani-ridicskeho-prukazu\/","headline":"P\u0159ipom\u00edn\u00e1me si v\u00fdro\u010d\u00ed z\u00edsk\u00e1n\u00ed \u0159idi\u010dsk\u00e9ho pr\u016fkazu","name":"P\u0159ipom\u00edn\u00e1me si v\u00fdro\u010d\u00ed z\u00edsk\u00e1n\u00ed \u0159idi\u010dsk\u00e9ho pr\u016fkazu","description":"M\u00e1te doma uschovan\u00fd na pam\u00e1tku \u0159idi\u010dsk\u00fd pr\u016fkaz z doby socialismu? Byl na n\u011bm n\u00e1pis Permis de Conduire a jeho r\u016f\u017eov\u00e1 barva byla p\u0159inejmen\u0161\u00edm zaj\u00edmav\u00e1. Z\u00edskat tehdy \u0159idi\u010dsk\u00e9 opr\u00e1vn\u011bn\u00ed na osobn\u00ed&hellip;<a href=\"https:\/\/www.atjsk.cz\/pripominame-si-vyroci-ziskani-ridicskeho-prukazu\/\" class=\"more-link\"><span class=\"more-button\">Continue reading<span class=\"screen-reader-text\">P\u0159ipom\u00edn\u00e1me si v\u00fdro\u010d\u00ed z\u00edsk\u00e1n\u00ed \u0159idi\u010dsk\u00e9ho pr\u016fkazu<\/span><\/span><\/a>","datePublished":"2025-02-17","dateModified":"2025-02-17","author":{"@type":"Person","@id":"https:\/\/www.atjsk.cz\/author\/#Person","name":"","url":"https:\/\/www.atjsk.cz\/author\/","identifier":1,"image":{"@type":"ImageObject","@id":"https:\/\/secure.gravatar.com\/avatar\/42264ea8f5170010011c6bbf811aa6c31c20ad3acf2a9bd21dca0746ea8c832a?s=96&d=mm&r=g","url":"https:\/\/secure.gravatar.com\/avatar\/42264ea8f5170010011c6bbf811aa6c31c20ad3acf2a9bd21dca0746ea8c832a?s=96&d=mm&r=g","height":96,"width":96}},"publisher":{"@type":"Organization","name":"atjsk.cz","logo":{"@type":"ImageObject","@id":"\/logo.png","url":"\/logo.png","width":600,"height":60}},"image":{"@type":"ImageObject","@id":"https:\/\/www.atjsk.cz\/wp-content\/uploads\/skoda-3636718_640.jpg","url":"https:\/\/www.atjsk.cz\/wp-content\/uploads\/skoda-3636718_640.jpg","height":0,"width":0},"url":"https:\/\/www.atjsk.cz\/pripominame-si-vyroci-ziskani-ridicskeho-prukazu\/","about":["Zbo\u017e\u00ed"],"wordCount":420,"articleBody":"   M\u00e1te doma uschovan\u00fd na pam\u00e1tku \u0159idi\u010dsk\u00fd pr\u016fkaz z doby socialismu? Byl na n\u011bm n\u00e1pis Permis de Conduire a jeho r\u016f\u017eov\u00e1 barva byla p\u0159inejmen\u0161\u00edm zaj\u00edmav\u00e1. Z\u00edskat tehdy \u0159idi\u010dsk\u00e9 opr\u00e1vn\u011bn\u00ed na osobn\u00ed automobil znamenalo usednout za volant vozu \u0160koda 105 a br\u00e1zdit j\u00edm ulice m\u011bst \u010di obc\u00ed anebo p\u0159\u00edm\u011bstsk\u00e9 komunikace, proj\u00ed\u017ed\u011bt k\u0159i\u017eovatky a d\u00e1vat p\u0159ednost chodc\u016fm na vyzna\u010den\u00fdch p\u0159echodech. Byla to jin\u00e1 doba, sv\u00fdm zp\u016fsobem klidn\u011bj\u0161\u00ed, proto\u017ee na silnic\u00edch nejezdilo tolik aut, tehdy byl v\u00fdrazn\u011b ni\u017e\u0161\u00ed automobilov\u00fd provoz a lid\u00e9 nebyli tolik p\u0159et\u00ed\u017eeni chronick\u00fdm stresem. Vzpom\u00ednky na dobu sedmdes\u00e1t\u00fdch a osmdes\u00e1t\u00fdch let dvac\u00e1t\u00e9ho stolet\u00ed tak\u00e9 mo\u017en\u00e1 i z tohoto d\u016fvodu v\u00fdznamn\u011b nahr\u00e1vaj\u00ed sou\u010dasn\u00e9 expanzi retro stylu, n\u011bkte\u0159\u00ed lid\u00e9 se j\u00edm r\u00e1di vrac\u00ed do minulosti a pro\u017e\u00edvaj\u00ed znovu a znovu d\u00edky retro n\u00e1bytku, koberc\u016fm, sv\u00edtidl\u016fm, elektronice, dom\u00e1c\u00edm spot\u0159ebi\u010d\u016fm \u010di oble\u010den\u00ed tu dobu je\u0161t\u011b jednou, dvakr\u00e1t, t\u0159ikr\u00e1t \u2013 kolikr\u00e1t cht\u011bj\u00ed. Sou\u010d\u00e1st\u00ed retro stylu tak\u00e9 mohou b\u00fdt modely aut. A t\u0159eba pr\u00e1v\u011b ty, s nimi\u017e m\u00e1te osobn\u00ed zku\u0161enost. Mo\u017en\u00e1, \u017ee zrovna vy jste odv\u00e1\u017eeli modrou Daci\u00ed sv\u00e9 p\u0159\u00edbuzn\u00e9 z kas\u00e1ren po ukon\u010den\u00ed v\u00fdkonu vojensk\u00e9 slu\u017eby, mo\u017en\u00e1, \u017ee vy jste \u0159\u00eddili starou zelenou \u201estop\u011btku\u201c, abyste s n\u00ed v mraziv\u00e9m po\u010das\u00ed, v roce 1986, kdy napadlo na V\u00e1noce hodn\u011b sn\u011bhu, rozv\u00e1\u017eeli dom\u016f kamar\u00e1dy, s nimi\u017e jste tr\u00e1vili ve \u0161koln\u00edch lavic\u00edch sv\u00e1 studentsk\u00e1 l\u00e9ta. A mo\u017en\u00e1, \u017ee vy jste byli v t\u00e9 dob\u011b profesion\u00e1ln\u00edm \u0159idi\u010dem autobusu Karosa a cestovali jste s n\u00edm na sobotn\u00ed ly\u017ea\u0159sk\u00fd z\u00e1jezd na Kl\u00ednovec. Radost modely aut https:\/\/www.macmodel.cz\/ m\u016f\u017eete ud\u011blat nejen sob\u011b, ale i komukoli jin\u00e9mu, a to nejen lidem, co tu dobu pamatuj\u00ed. Modely aut jsou zhotoven\u00e9 tak, aby nab\u00eddly pohled na skute\u010dn\u00fd typ vozidla, tedy nejde o hra\u010dky pro d\u011bti, n\u00fdbr\u017e o skute\u010dn\u00e9 exempl\u00e1\u0159e aut v p\u0159esn\u00e9m m\u011b\u0159\u00edtku, nap\u0159\u00edklad 1:43. N\u011bkter\u00e9 modely jsou ru\u010dn\u00ed prac\u00ed, jde o velmi propracovan\u00e9 v\u00fdrobky, \u010demu\u017e tak\u00e9 ov\u0161em odpov\u00edd\u00e1 i jejich prodejn\u00ed cena.                                                                                                                                                                                                                                                                                                                                                                                          4.3\/5 - (7 votes)        "},{"@context":"https:\/\/schema.org\/","@type":"BreadcrumbList","itemListElement":[{"@type":"ListItem","position":1,"name":"P\u0159ipom\u00edn\u00e1me si v\u00fdro\u010d\u00ed z\u00edsk\u00e1n\u00ed \u0159idi\u010dsk\u00e9ho pr\u016fkazu","item":"https:\/\/www.atjsk.cz\/pripominame-si-vyroci-ziskani-ridicskeho-prukazu\/#breadcrumbitem"}]}]