[{"@context":"https:\/\/schema.org\/","@type":"Article","@id":"https:\/\/www.atjsk.cz\/prenechte-starosti-se-svou-nemovitosti-na-opravdovych-profesionalech\/#Article","mainEntityOfPage":"https:\/\/www.atjsk.cz\/prenechte-starosti-se-svou-nemovitosti-na-opravdovych-profesionalech\/","headline":"P\u0159enechte starosti se svou nemovitost\u00ed na opravdov\u00fdch profesion\u00e1lech!","name":"P\u0159enechte starosti se svou nemovitost\u00ed na opravdov\u00fdch profesion\u00e1lech!","description":"Vlastn\u00edte d\u016fm, o kter\u00fd se mus\u00edte neust\u00e1le starat, ale bohu\u017eel m\u00e1te n\u00e1ro\u010dn\u00e9 zam\u011bstn\u00e1n\u00ed, kv\u016fli kter\u00e9mu se o sv\u016fj d\u016fm a sv\u00e9 n\u00e1jemn\u00edky nestar\u00e1te tolik, jak by bylo pot\u0159eba? Cht\u011bli byste&hellip;<a href=\"https:\/\/www.atjsk.cz\/prenechte-starosti-se-svou-nemovitosti-na-opravdovych-profesionalech\/\" class=\"more-link\"><span class=\"more-button\">Continue reading<span class=\"screen-reader-text\">P\u0159enechte starosti se svou nemovitost\u00ed na opravdov\u00fdch profesion\u00e1lech!<\/span><\/span><\/a>","datePublished":"2023-05-30","dateModified":"2024-06-04","author":{"@type":"Person","@id":"https:\/\/www.atjsk.cz\/author\/#Person","name":"","url":"https:\/\/www.atjsk.cz\/author\/","identifier":1,"image":{"@type":"ImageObject","@id":"https:\/\/secure.gravatar.com\/avatar\/42264ea8f5170010011c6bbf811aa6c31c20ad3acf2a9bd21dca0746ea8c832a?s=96&d=mm&r=g","url":"https:\/\/secure.gravatar.com\/avatar\/42264ea8f5170010011c6bbf811aa6c31c20ad3acf2a9bd21dca0746ea8c832a?s=96&d=mm&r=g","height":96,"width":96}},"publisher":{"@type":"Organization","name":"atjsk.cz","logo":{"@type":"ImageObject","@id":"\/logo.png","url":"\/logo.png","width":600,"height":60}},"url":"https:\/\/www.atjsk.cz\/prenechte-starosti-se-svou-nemovitosti-na-opravdovych-profesionalech\/","wordCount":246,"articleBody":"Vlastn\u00edte d\u016fm, o kter\u00fd se mus\u00edte neust\u00e1le starat, ale bohu\u017eel m\u00e1te n\u00e1ro\u010dn\u00e9 zam\u011bstn\u00e1n\u00ed, kv\u016fli kter\u00e9mu se o sv\u016fj d\u016fm a sv\u00e9 n\u00e1jemn\u00edky nestar\u00e1te tolik, jak by bylo pot\u0159eba? Cht\u011bli byste proto naj\u00edt \u0159e\u0161en\u00ed, jak byste st\u00edhali sv\u00e9 zam\u011bstn\u00e1n\u00ed i p\u00e9\u010di o d\u016fm? Ne\u010dekejte, a rad\u011bji se obra\u0165te na profesion\u00e1la, kter\u00fd v\u00e1m m\u016f\u017ee nab\u00eddnout to nej\u0161ir\u0161\u00ed spektrum slu\u017eeb, d\u00edky kter\u00fdm bude v\u00e1\u0161 d\u016fm udr\u017eovan\u00fd, a to jak co se t\u00fd\u010de \u00faklidu, tak i n\u00e1klad\u016f. Tato profesion\u00e1ln\u00ed spr\u00e1va nemovitost\u00ed Praha je pro v\u00e1s zaru\u010den\u011b t\u00edm nejlep\u0161\u00edm \u0159e\u0161en\u00edm.\tZbavte se starost\u00ed s nemovitostmi d\u00edky jednoduch\u00e9mu \u0159e\u0161en\u00ed!Pr\u00e1v\u011b jste zd\u011bdili \u010di dostali nemovitost? S vlastnictv\u00edm v\u00e1m ale p\u0159ibyli starosti s \u00fadr\u017ebou cel\u00e9ho domu? Bohu\u017eel o \u00fadr\u017eb\u011b ani o spr\u00e1v\u011b nemovitosti nev\u00edte v\u016fbec nic? Proto byste nejrad\u011bji uv\u00edtali pomoc n\u011bjak\u00e9ho odborn\u00edka? Pak se obra\u0165te na firmu CONDOMINIA, s. r. o. Prohl\u00e9dn\u011bte si jej\u00ed internetov\u00fd port\u00e1l a vyberte si z nab\u00eddky slu\u017eeb p\u0159esn\u011b tu, kterou nejv\u00edce vyu\u017eijete. Uvid\u00edte, \u017ee tato spr\u00e1va nemovitost\u00ed praha v\u00e1m zaru\u010den\u011b dok\u00e1\u017ee pomoci.                                                                                                                                                                                                                                                                                                                                                                                        4.2\/5 - (5 votes)        "},{"@context":"https:\/\/schema.org\/","@type":"BreadcrumbList","itemListElement":[{"@type":"ListItem","position":1,"name":"P\u0159enechte starosti se svou nemovitost\u00ed na opravdov\u00fdch profesion\u00e1lech!","item":"https:\/\/www.atjsk.cz\/prenechte-starosti-se-svou-nemovitosti-na-opravdovych-profesionalech\/#breadcrumbitem"}]}]