[{"@context":"https:\/\/schema.org\/","@type":"Article","@id":"https:\/\/www.atjsk.cz\/minibus-na-leasing-pro-cestovni-kancelar\/#Article","mainEntityOfPage":"https:\/\/www.atjsk.cz\/minibus-na-leasing-pro-cestovni-kancelar\/","headline":"Minibus na leasing pro cestovn\u00ed kancel\u00e1\u0159","name":"Minibus na leasing pro cestovn\u00ed kancel\u00e1\u0159","description":"Kdy\u017e se po sametov\u00e9 revoluci otev\u0159ela republika sv\u011btu a byla demontov\u00e1na \u017eelezn\u00e1 opona, nastal mezi lidmi zna\u010dn\u00fd z\u00e1jem vycestovat do zem\u00ed, kam se d\u0159\u00edve pod\u00edvat nemohli. Je to celkem logick\u00fd&hellip;<a href=\"https:\/\/www.atjsk.cz\/minibus-na-leasing-pro-cestovni-kancelar\/\" class=\"more-link\"><span class=\"more-button\">Continue reading<span class=\"screen-reader-text\">Minibus na leasing pro cestovn\u00ed kancel\u00e1\u0159<\/span><\/span><\/a>","datePublished":"2025-06-17","dateModified":"2025-06-17","author":{"@type":"Person","@id":"https:\/\/www.atjsk.cz\/author\/#Person","name":"","url":"https:\/\/www.atjsk.cz\/author\/","identifier":1,"image":{"@type":"ImageObject","@id":"https:\/\/secure.gravatar.com\/avatar\/42264ea8f5170010011c6bbf811aa6c31c20ad3acf2a9bd21dca0746ea8c832a?s=96&d=mm&r=g","url":"https:\/\/secure.gravatar.com\/avatar\/42264ea8f5170010011c6bbf811aa6c31c20ad3acf2a9bd21dca0746ea8c832a?s=96&d=mm&r=g","height":96,"width":96}},"publisher":{"@type":"Organization","name":"atjsk.cz","logo":{"@type":"ImageObject","@id":"\/logo.png","url":"\/logo.png","width":600,"height":60}},"image":{"@type":"ImageObject","@id":"https:\/\/www.atjsk.cz\/wp-content\/uploads\/rome-1513368_640.jpg","url":"https:\/\/www.atjsk.cz\/wp-content\/uploads\/rome-1513368_640.jpg","height":0,"width":0},"url":"https:\/\/www.atjsk.cz\/minibus-na-leasing-pro-cestovni-kancelar\/","about":["Zbo\u017e\u00ed"],"wordCount":411,"articleBody":"   Kdy\u017e se po sametov\u00e9 revoluci otev\u0159ela republika sv\u011btu a byla demontov\u00e1na \u017eelezn\u00e1 opona, nastal mezi lidmi zna\u010dn\u00fd z\u00e1jem vycestovat do zem\u00ed, kam se d\u0159\u00edve pod\u00edvat nemohli. Je to celkem logick\u00fd krok, kter\u00fd se dal o\u010dek\u00e1vat. Takto se ale nezachoval ka\u017ed\u00fd, i p\u0159esto se tu na\u0161li lid\u00e9, kte\u0159\u00ed z r\u016fzn\u00fdch d\u016fvod\u016f dali rad\u011bji p\u0159ednost tuzemsk\u00e9 dovolen\u00e9. Nap\u0159\u00edklad se jezdilo v zim\u011b ly\u017eovat do Jizersk\u00fdch hor a v l\u00e9t\u011b na vodu, sta\u010dilo m\u00edt lamin\u00e1tovou k\u00e1noe a m\u011bli jste o z\u00e1bavu postar\u00e1no, nebo\u0165 na\u0161e \u010desk\u00e9 \u0159eky jsou skute\u010dn\u011b p\u0159ekr\u00e1sn\u00e9, nap\u0159\u00edklad takov\u00e1 Berounka, Lu\u017enice \u010di Vltava st\u00e1le p\u0159itahuj\u00ed z\u00e1jem vod\u00e1k\u016f i dnes.Jak \u0161el \u010das, z\u00e1jem o cestov\u00e1n\u00ed do zahrani\u010d\u00ed pomalu klesal a poklesl i v sou\u010dasn\u00e9 dob\u011b. V\u00edce ne\u017e polovina \u010cech\u016f rad\u011bji s\u00e1hne po tuzemsk\u00e9m pobytu kv\u016fli ni\u017e\u0161\u00edm cen\u00e1m \u010di absenci jazykov\u00e9 bari\u00e9ry a tak\u00e9 se tu d\u00e1 zaplatit na\u0161\u00ed \u010deskou m\u011bnou. Z\u00e1jmu obyvatel \u010cesk\u00e9  https:\/\/www.postaonline.cz\/vyhledat-pobocku republiky se tak\u00e9 t\u011b\u0161\u00ed pozn\u00e1vac\u00ed z\u00e1jezdy. Je jich cel\u00e1 \u0159ada a lze je provozovat autobusem nebo minibusem. M\u016f\u017eete nap\u0159\u00edklad nav\u0161t\u00edvit Adr\u0161pach, z\u00e1pado\u010desk\u00e9 l\u00e1zn\u011b, Prahu, CHKO K\u0159ivokl\u00e1tsko nebo Koko\u0159\u00ednsko a M\u00e1ch\u016fv kraj, \u010ceskokrumlovsko, Jesen\u00edky, Jizersk\u00e9 hory a mnoho dal\u0161\u00edch kr\u00e1sn\u00fdch oblast\u00ed na\u0161\u00ed vlasti.Jestli\u017ee uva\u017eujete o zalo\u017een\u00ed cestovn\u00ed kancel\u00e1\u0159e takto zam\u011b\u0159en\u00e9 a budete popt\u00e1vat i vhodn\u00fd dopravn\u00ed prost\u0159edek, pak v\u00e1s mo\u017en\u00e1 bude zaj\u00edmat i jeho financov\u00e1n\u00ed. Po\u0159\u00eddit minibus nebo autobus je mo\u017en\u00e9 na finan\u010dn\u00ed \u010di operativn\u00ed leasing a je mo\u017en\u00e9 z\u00edskat auto na leasing i bez akontace https:\/\/goldbanking.cz\/nase-sluzby\/. V\u0161e je ot\u00e1zkou dohody s leasingovou spole\u010dnost\u00ed, ov\u0161em zde bychom v\u00e1s r\u00e1di upozornili na maxim\u00e1ln\u00ed obez\u0159etnost p\u0159ed podvodn\u00edky nebo subjekty, kter\u00e9 nemaj\u00ed dostate\u010dn\u00e9 z\u00e1zem\u00ed a podm\u00ednky k poskytov\u00e1n\u00ed takov\u00fdch slu\u017eeb. V tomto sm\u011bru m\u00e1 sv\u016fj v\u00fdznam obr\u00e1tit se na spole\u010dnost, kter\u00e1 na trhu p\u016fsob\u00ed ji\u017e del\u0161\u00ed \u010das, m\u00e1 za sebou \u0159adu zku\u0161enost\u00ed a tak\u00e9 se t\u011b\u0161\u00ed dobr\u00fdm z\u00e1kaznick\u00fdm referenc\u00edm.                                                                                                                                                                                                                                                                                                                                                                                          5\/5 - (3 votes)        "},{"@context":"https:\/\/schema.org\/","@type":"BreadcrumbList","itemListElement":[{"@type":"ListItem","position":1,"name":"Minibus na leasing pro cestovn\u00ed kancel\u00e1\u0159","item":"https:\/\/www.atjsk.cz\/minibus-na-leasing-pro-cestovni-kancelar\/#breadcrumbitem"}]}]