[{"@context":"https:\/\/schema.org\/","@type":"Article","@id":"https:\/\/www.atjsk.cz\/jak-by-melo-vypadat-dobre-detske-kadernictvi-brno\/#Article","mainEntityOfPage":"https:\/\/www.atjsk.cz\/jak-by-melo-vypadat-dobre-detske-kadernictvi-brno\/","headline":"Jak by m\u011blo vypadat dobr\u00e9 d\u011btsk\u00e9 kade\u0159nictv\u00ed Brno","name":"Jak by m\u011blo vypadat dobr\u00e9 d\u011btsk\u00e9 kade\u0159nictv\u00ed Brno","description":"Je pochopiteln\u00e9, \u017ee se pot\u0159ebujeme starat i o na\u0161e vlasy. To plat\u00ed i pro d\u011bti \u2013 v podstat\u011b by se dalo \u0159\u00edci, \u017ee zvl\u00e1\u0161t\u011b pro n\u011b. Pokud se jedn\u00e1 o&hellip;<a href=\"https:\/\/www.atjsk.cz\/jak-by-melo-vypadat-dobre-detske-kadernictvi-brno\/\" class=\"more-link\"><span class=\"more-button\">Continue reading<span class=\"screen-reader-text\">Jak by m\u011blo vypadat dobr\u00e9 d\u011btsk\u00e9 kade\u0159nictv\u00ed Brno<\/span><\/span><\/a>","datePublished":"2025-04-15","dateModified":"2025-04-15","author":{"@type":"Person","@id":"https:\/\/www.atjsk.cz\/author\/#Person","name":"","url":"https:\/\/www.atjsk.cz\/author\/","identifier":1,"image":{"@type":"ImageObject","@id":"https:\/\/secure.gravatar.com\/avatar\/42264ea8f5170010011c6bbf811aa6c31c20ad3acf2a9bd21dca0746ea8c832a?s=96&d=mm&r=g","url":"https:\/\/secure.gravatar.com\/avatar\/42264ea8f5170010011c6bbf811aa6c31c20ad3acf2a9bd21dca0746ea8c832a?s=96&d=mm&r=g","height":96,"width":96}},"publisher":{"@type":"Organization","name":"atjsk.cz","logo":{"@type":"ImageObject","@id":"\/logo.png","url":"\/logo.png","width":600,"height":60}},"image":{"@type":"ImageObject","@id":"https:\/\/www.atjsk.cz\/wp-content\/uploads\/dite2_10_10_10_8.jpg","url":"https:\/\/www.atjsk.cz\/wp-content\/uploads\/dite2_10_10_10_8.jpg","height":0,"width":0},"url":"https:\/\/www.atjsk.cz\/jak-by-melo-vypadat-dobre-detske-kadernictvi-brno\/","about":["Zbo\u017e\u00ed"],"wordCount":458,"articleBody":"       Je pochopiteln\u00e9, \u017ee se pot\u0159ebujeme starat i o na\u0161e vlasy. To plat\u00ed i pro d\u011bti \u2013 v podstat\u011b by se dalo \u0159\u00edci, \u017ee zvl\u00e1\u0161t\u011b pro n\u011b. Pokud se jedn\u00e1 o aktivn\u00edho kluka \u010di hol\u010di\u010dku, kter\u00fd b\u011bh\u00e1 cel\u00fd den venku, je jasn\u00e9, \u017ee jeho vlasy budou \u010dasto \u0161pinav\u00e9 a zacuchan\u00e9. V takov\u00e9m p\u0159\u00edpad\u011b je pak ide\u00e1ln\u00ed, aby byly ost\u0159\u00edhan\u00e9 nakr\u00e1tko. Jist\u011b, m\u016f\u017eeme to d\u011blat sami, av\u0161ak pokud chceme, aby n\u00e1m zde pomohl profesion\u00e1l. Je pak pochopiteln\u00e9, \u017ee chceme, aby na\u0161e d\u00edt\u011b m\u011blo i zde co nejlep\u0161\u00ed p\u00e9\u010di, a tak \u010dasto hled\u00e1me nejlep\u0161\u00edho d\u011btsk\u00e9ho kade\u0159n\u00edka, jako nap\u0159\u00edklad nejlep\u0161\u00ed d\u011btsk\u00e9 kade\u0159nictv\u00ed Brno Charlies hair. To v\u0161ak nen\u00ed tak jednoduch\u00e9, jak by se mohlo zd\u00e1t. Je zde toti\u017e v\u00edce v\u011bc\u00ed, na kter\u00e9 bychom se m\u011bli d\u00edvat.V prvn\u00ed \u0159ad\u011b jsou to samoz\u0159ejm\u011b v\u00fdsledky. Je dobr\u00e9 vid\u011bt d\u011bti, kter\u00e9 k dan\u00e9mu kade\u0159n\u00edkovi chod\u00ed, abychom mohli zhodnotit jeho pr\u00e1ci a to, zda bude podle na\u0161ich p\u0159edstav. P\u0159itom je v\u0161ak pot\u0159eba m\u00edt na pam\u011bti, \u017ee ka\u017ed\u00fd z n\u00e1s m\u00e1 jin\u00fd styl, a to, co slu\u0161\u00ed jin\u00e9mu d\u00edt\u011bti, nemus\u00ed slu\u0161et tomu na\u0161emu, a naopak. Je nav\u00edc tak\u00e9 velmi dob\u0159e mo\u017en\u00e9, \u017ee rodi\u010de dan\u00e9ho d\u00edt\u011bte m\u011bli na \u00fa\u010des jin\u00e9 po\u017eadavky, ne\u017e jak\u00e9 m\u00e1me my.Zaj\u00edmat bychom se v\u0161ak m\u011bli tak\u00e9 o to, jak\u00fd p\u0159\u00edstup m\u00e1 dan\u00fd holi\u010d k d\u011btem. Mus\u00edme pamatovat, \u017ee zvl\u00e1\u0161t\u011b v prvn\u00edch f\u00e1z\u00edch je nutn\u00e9, abychom vybudovali v d\u00edt\u011bti ke st\u0159\u00edh\u00e1n\u00ed vlas\u016f dobr\u00fd vztah. To v\u0161ak nep\u016fjde p\u0159\u00edli\u0161 dob\u0159e, pokud bude holi\u010d na d\u00edt\u011b nep\u0159\u00edjemn\u00fd, p\u0159\u00edpadn\u011b na n\u011bj bude dokonce k\u0159i\u010det, pokud nebude sed\u011bt \u00fapln\u011b v klidu, p\u0159\u00edpadn\u011b dokonce za\u010dne bre\u010det. Pamatujme, \u017ee i \u0161patn\u011b ost\u0159\u00edhan\u00e9 vlasy \u010dasem dorostou, av\u0161ak vymaz\u00e1n\u00ed \u0161patn\u00e9ho z\u00e1\u017eitku bude trvat velmi, velmi dlouho, pokud se to v\u016fbec poda\u0159\u00ed. Rozhodn\u011b je tedy pot\u0159eba, abychom k v\u00fdb\u011bru p\u0159istupovali s rozmyslem a velkou p\u00e9\u010d\u00ed. M\u016f\u017ee n\u00e1m to toti\u017e velmi snadno uleh\u010dit pr\u00e1ci, kdy\u017e budeme o vlasy sv\u00e9ho d\u00edt\u011bte pe\u010dovat. A je to rozhodn\u011b lep\u0161\u00ed \u0159e\u0161en\u00ed, ne\u017e kdybychom jej st\u0159\u00edhali sami \u2013 takto si d\u00edt\u011b toti\u017e na chozen\u00ed ke kade\u0159n\u00edkovi zvykne, a ani pozd\u011bji s t\u00edm nebude m\u00edt probl\u00e9m.                                                                                                                                                                                                                                                                                                                                                                                          5\/5 - (2 votes)        "},{"@context":"https:\/\/schema.org\/","@type":"BreadcrumbList","itemListElement":[{"@type":"ListItem","position":1,"name":"Jak by m\u011blo vypadat dobr\u00e9 d\u011btsk\u00e9 kade\u0159nictv\u00ed Brno","item":"https:\/\/www.atjsk.cz\/jak-by-melo-vypadat-dobre-detske-kadernictvi-brno\/#breadcrumbitem"}]}]