[{"@context":"https:\/\/schema.org\/","@type":"Article","@id":"https:\/\/www.atjsk.cz\/dockame-se-prijeti-eura\/#Article","mainEntityOfPage":"https:\/\/www.atjsk.cz\/dockame-se-prijeti-eura\/","headline":"Do\u010dk\u00e1me se p\u0159ijet\u00ed eura?","name":"Do\u010dk\u00e1me se p\u0159ijet\u00ed eura?","description":"Euro je velkou ot\u00e1zkou posledn\u00edch let. Bude u n\u00e1s euro nebo ne? O tom se politici a ekonomov\u00e9 dohaduj\u00ed ji\u017e dlouh\u00e1 l\u00e9ta. Ot\u00e1zka eura je sou\u010d\u00e1st\u00ed snad ka\u017ed\u00e9ho p\u0159edvolebn\u00edho programu&hellip;<a href=\"https:\/\/www.atjsk.cz\/dockame-se-prijeti-eura\/\" class=\"more-link\"><span class=\"more-button\">Continue reading<span class=\"screen-reader-text\">Do\u010dk\u00e1me se p\u0159ijet\u00ed eura?<\/span><\/span><\/a>","datePublished":"2025-02-14","dateModified":"2025-02-14","author":{"@type":"Person","@id":"https:\/\/www.atjsk.cz\/author\/#Person","name":"","url":"https:\/\/www.atjsk.cz\/author\/","identifier":1,"image":{"@type":"ImageObject","@id":"https:\/\/secure.gravatar.com\/avatar\/42264ea8f5170010011c6bbf811aa6c31c20ad3acf2a9bd21dca0746ea8c832a?s=96&d=mm&r=g","url":"https:\/\/secure.gravatar.com\/avatar\/42264ea8f5170010011c6bbf811aa6c31c20ad3acf2a9bd21dca0746ea8c832a?s=96&d=mm&r=g","height":96,"width":96}},"publisher":{"@type":"Organization","name":"atjsk.cz","logo":{"@type":"ImageObject","@id":"\/logo.png","url":"\/logo.png","width":600,"height":60}},"image":{"@type":"ImageObject","@id":"https:\/\/www.atjsk.cz\/wp-content\/uploads\/ibrahim-boran-r0zrjWheW2g-unsplash.jpg","url":"https:\/\/www.atjsk.cz\/wp-content\/uploads\/ibrahim-boran-r0zrjWheW2g-unsplash.jpg","height":0,"width":0},"url":"https:\/\/www.atjsk.cz\/dockame-se-prijeti-eura\/","about":["Ekonomika"],"wordCount":431,"articleBody":"       Euro je velkou ot\u00e1zkou posledn\u00edch let. Bude u n\u00e1s euro nebo ne? O tom se politici a ekonomov\u00e9 dohaduj\u00ed ji\u017e dlouh\u00e1 l\u00e9ta. Ot\u00e1zka eura je sou\u010d\u00e1st\u00ed snad ka\u017ed\u00e9ho p\u0159edvolebn\u00edho programu a \u010cesk\u00e1 republika se rozd\u011blila na dva t\u00e1bory. Jeden p\u0159ijet\u00ed eura v\u00edt\u00e1, druh\u00fd ho jednozna\u010dn\u011b odm\u00edt\u00e1. Euro je m\u011bna, kter\u00e1 je ji\u017e zavedena ve v\u011bt\u0161in\u011b zem\u00ed v Evrop\u011b. Pro p\u0159\u00edklad je to N\u011bmecko, Rakousko, \u0160pan\u011blsko, It\u00e1lie, Finsko, Slovensko, Kypr, Malta nebo Belgie. Naposledy Euro p\u0159ijalo Chorvatsko, a to v roce 2023. Dokonce i zem\u011b mimo Evropy p\u0159ij\u00edmaj\u00ed euro. Je to t\u0159eba Monako, Kosovo nebo \u010cern\u00e1 hora.U n\u00e1s se ale s  p\u0159ijet\u00edm m eura st\u00e1le v\u00e1h\u00e1, i kdy\u017e v\u00edme, \u017ee by n\u00e1m to p\u0159ineslo mnoh\u00e9 v\u00fdhody a spousta v\u011bc\u00ed by se pro n\u00e1s stala snadn\u011bj\u0161\u00edmi. Jenom\u017ee lid\u00e9 se zm\u011bn boj\u00ed. Boj\u00ed se, jak by to ovlivnilo jejich finance nebo jak by si zvykli na \u00fapln\u011b novou m\u011bnu. V\u011bci v obchodech by najednou byli s jin\u00fdmi cenovkami, v\u00fdplata, d\u016fchody a soci\u00e1ln\u00ed d\u00e1vky by chodili v eurech a lid\u00e9 by si museli v\u0161e p\u0159epo\u010d\u00edt\u00e1vat, ne\u017e by si na euro zvykli. Zejm\u00e9na pro seniory by to mohl b\u00fdt opravdu probl\u00e9m. V\u0161echno je ale ot\u00e1zkou zvyku. Nakonec bychom si zvykli a za p\u00e1r let by n\u00e1m ani nep\u0159i\u0161lo, \u017ee bychom n\u011bkdy p\u0159edt\u00edm m\u011bli jinou m\u011bnu.\u010cesk\u00e1 republika se sice zav\u00e1zala k p\u0159ijet\u00ed eura, ale zat\u00edm nebylo stanoveno p\u0159esn\u00e9 datum a vypad\u00e1 to, \u017ee v nejbli\u017e\u0161\u00ed dob\u011b ani stanoven\u00e9 nebude. V\u0161echno toti\u017e z\u00e1vis\u00ed nejen na ekonomick\u00fdch podm\u00ednk\u00e1ch v na\u0161\u00ed zemi, ale tak\u00e9 na politick\u00e9 shod\u011b. A v politice v sou\u010dasnosti ohledn\u011b eura panuje a\u017e p\u0159\u00edli\u0161 velk\u00fd rozpor. Velk\u00e9 strany se boj\u00ed vyj\u00e1d\u0159it souhlas pro p\u0159ijet\u00ed eura. Pro\u010d? Proto\u017ee v\u011bd\u00ed, kolik odp\u016frc\u016f p\u0159ijet\u00ed eura m\u00e1. A mohlo by to pro n\u011b znamenat zna\u010dkou ztr\u00e1tu p\u0159i volb\u00e1ch. I kdy\u017e by jin\u00e9 body jejich programu oslovili ostatn\u00ed, p\u0159ijet\u00ed eura by se mohlo zd\u00e1t natolik velkou hrozbou, \u017ee by se rozhodli nakonec volit jinou stranu, kter\u00e1 bude proti p\u0159ijet\u00ed eura. Z\u016fst\u00e1v\u00e1 ale prozat\u00edmn\u00ed jistotou, \u017ee euro zat\u00edm nebude https:\/\/www.hypoteka-bez-registru.net\/euro-zatim-nebude\/.                                                                                                                                                                                                                                                                                                                                                                                          3.9\/5 - (8 votes)        "},{"@context":"https:\/\/schema.org\/","@type":"BreadcrumbList","itemListElement":[{"@type":"ListItem","position":1,"name":"Do\u010dk\u00e1me se p\u0159ijet\u00ed eura?","item":"https:\/\/www.atjsk.cz\/dockame-se-prijeti-eura\/#breadcrumbitem"}]}]