[{"@context":"https:\/\/schema.org\/","@type":"Article","@id":"https:\/\/www.atjsk.cz\/bydlime-v-chorvatsku-a-vime-proc\/#Article","mainEntityOfPage":"https:\/\/www.atjsk.cz\/bydlime-v-chorvatsku-a-vime-proc\/","headline":"Bydl\u00edme v Chorvatsku a v\u00edme pro\u010d","name":"Bydl\u00edme v Chorvatsku a v\u00edme pro\u010d","description":"Chyst\u00e1te se zakoupit apartm\u00e1n v Chorvatsku z realit na prodej Na Jadranu, ale ob\u00e1v\u00e1te se, \u017ee se v\u00e1m tu z\u0159ejm\u011b nebude l\u00edbit, proto\u017ee v\u00e1m p\u0159ipad\u00e1 \u010cesk\u00e1 republika zaj\u00edmav\u011bj\u0161\u00ed a hez\u010d\u00ed?&hellip;<a href=\"https:\/\/www.atjsk.cz\/bydlime-v-chorvatsku-a-vime-proc\/\" class=\"more-link\"><span class=\"more-button\">Continue reading<span class=\"screen-reader-text\">Bydl\u00edme v Chorvatsku a v\u00edme pro\u010d<\/span><\/span><\/a>","datePublished":"2024-07-27","dateModified":"2024-07-27","author":{"@type":"Person","@id":"https:\/\/www.atjsk.cz\/author\/#Person","name":"","url":"https:\/\/www.atjsk.cz\/author\/","identifier":1,"image":{"@type":"ImageObject","@id":"https:\/\/secure.gravatar.com\/avatar\/42264ea8f5170010011c6bbf811aa6c31c20ad3acf2a9bd21dca0746ea8c832a?s=96&d=mm&r=g","url":"https:\/\/secure.gravatar.com\/avatar\/42264ea8f5170010011c6bbf811aa6c31c20ad3acf2a9bd21dca0746ea8c832a?s=96&d=mm&r=g","height":96,"width":96}},"publisher":{"@type":"Organization","name":"atjsk.cz","logo":{"@type":"ImageObject","@id":"\/logo.png","url":"\/logo.png","width":600,"height":60}},"image":{"@type":"ImageObject","@id":"https:\/\/www.atjsk.cz\/wp-content\/uploads\/tourism-3278025_640.jpg","url":"https:\/\/www.atjsk.cz\/wp-content\/uploads\/tourism-3278025_640.jpg","height":0,"width":0},"url":"https:\/\/www.atjsk.cz\/bydlime-v-chorvatsku-a-vime-proc\/","about":["Spole\u010dnosti"],"wordCount":423,"articleBody":"          Chyst\u00e1te se zakoupit apartm\u00e1n v Chorvatsku z realit na prodej Na Jadranu, ale ob\u00e1v\u00e1te se, \u017ee se v\u00e1m tu z\u0159ejm\u011b nebude l\u00edbit, proto\u017ee v\u00e1m p\u0159ipad\u00e1 \u010cesk\u00e1 republika zaj\u00edmav\u011bj\u0161\u00ed a hez\u010d\u00ed? V n\u011b\u010dem m\u016f\u017eete m\u00edt pravdu, ale \u017ee by u n\u00e1s byla hez\u010d\u00ed p\u0159\u00edroda? To je velmi relativn\u00ed. V prvn\u00ed \u0159ad\u011b se Chorvatsko nach\u00e1z\u00ed v subtropick\u00e9m klimatick\u00e9m p\u00e1smu, a d\u00edky tomu je tam zimn\u00ed obdob\u00ed velmi kr\u00e1tk\u00e9 a tepl\u00e9. U\u0161et\u0159\u00edte d\u00edky tomu za energie na vyt\u00e1p\u011bn\u00ed a budete se tak\u00e9 venku c\u00edtit p\u0159\u00edjemn\u011bji, a to i d\u00edky del\u0161\u00edmu slune\u010dn\u00edmu svitu. Co je\u0161t\u011b by se v\u00e1m na Chorvatsku mohlo l\u00edbit i v zim\u011b?St\u0159edomo\u0159sk\u00e1 strava \u2013 \u0159\u00edk\u00e1 v\u00e1m n\u011bco term\u00edn \u201est\u0159edomo\u0159sk\u00e1 strava\u201c? Kdy\u017e ji porovn\u00e1te se staro\u010deskou kuchyn\u00ed, zjist\u00edte, \u017ee jde o velmi v\u00fdrazn\u011b odli\u0161n\u00fd zp\u016fsob stravov\u00e1n\u00ed, kter\u00fd lp\u00ed na dostatku ovoce, zeleniny, celozrnn\u00fdch obilovin a lu\u0161t\u011bnin, p\u0159\u00edpadn\u011b mo\u0159sk\u00fdch plod\u016f, a kde se tak\u00e9 ve v\u00fdrazn\u00e9 m\u00ed\u0159e projevuje vliv oliv a olivov\u00e9ho oleje. St\u0159edomo\u0159sk\u00e1 strava je zdrav\u011bj\u0161\u00ed a pro mnoh\u00e9 z  v\u00e1s s tak\u00e9 chutn\u011bj\u0161\u00ed. P\u0159ej\u00edt ze staro\u010desk\u00e9 kuchyn\u011b na tento zp\u016fsob stravov\u00e1n\u00ed m\u016f\u017ee mnoha lidem vysloven\u011b p\u0159evr\u00e1tit \u017eivot naruby v tom dobr\u00e9m slova smyslu a kdy\u017e si pak na st\u0159edomo\u0159skou stravu zvyknete, nebude v\u00e1m u\u017e ani chutnat \u201eknedlo vep\u0159o zelo\u201c.Proch\u00e1zky po pl\u00e1\u017ei \u2013 kdo miluje barefoot styl, v Chorvatsku si jej u\u017eije po cel\u00fd rok. U n\u00e1s jsou barefoot chodn\u00edky roz\u0161\u00ed\u0159en\u00e9 na mnoha m\u00edstech a dokonce i v centru m\u011bsta, nap\u0159\u00edklad v \u010cesk\u00fdch Bud\u011bjovic\u00edch si jej m\u016f\u017eete sami vyzkou\u0161et na vlastn\u00ed k\u016f\u017ei, ale pouze v tepl\u00e9m obdob\u00ed roku, proto\u017ee chodit v desetistup\u0148ov\u00e9m mrazu po takov\u00e9m povrchu naboso je vhodn\u00e9 jen pro otu\u017eilce, a vydr\u017e\u00edte to jen chv\u00edli, kde\u017eto v Chorvatsku se m\u016f\u017eete proch\u00e1zet po pl\u00e1\u017ei o v lednu, proto\u017ee tam v zim\u011b m\u00e1lokdy, zcela v\u00fdjime\u010dn\u011b teploty klesaj\u00ed pod bod mrazu, ostatn\u011b to by na pob\u0159e\u017e\u00ed mohla r\u016fst snad jen Palma konopn\u00e1, kter\u00e1 sn\u00e1\u0161\u00ed mrazy, ale jin\u00e9 druhy palem by tu zahynuly.                                                                                                                                                                                                                                                                                                                                                                                          4.8\/5 - (6 votes)        "},{"@context":"https:\/\/schema.org\/","@type":"BreadcrumbList","itemListElement":[{"@type":"ListItem","position":1,"name":"Bydl\u00edme v Chorvatsku a v\u00edme pro\u010d","item":"https:\/\/www.atjsk.cz\/bydlime-v-chorvatsku-a-vime-proc\/#breadcrumbitem"}]}]